{"id":1295,"date":"2017-07-02T17:23:38","date_gmt":"2017-07-02T15:23:38","guid":{"rendered":"http:\/\/www.asociacionigualar.org\/?p=1295"},"modified":"2018-01-05T13:41:16","modified_gmt":"2018-01-05T12:41:16","slug":"articulo-prensa-cuellar-julio-2015","status":"publish","type":"post","link":"https:\/\/www.asociacionigualar.org\/index.php\/2017\/07\/02\/articulo-prensa-cuellar-julio-2015\/","title":{"rendered":"ART\u00cdCULO DE PRENSA CUELLAR JULIO 2015"},"content":{"rendered":"<p>Art\u00edculo de prensa sobre:\u00a0 La asociaci\u00f3n igualar cierra hoy su campamento de verano en la comarca de Cu\u00e9llar, en julio de 2015.<\/p>\n<p><a href=\"http:\/\/escuellar.es\/index.php\/la-asociacion-igualar-cierra-hoy-su-campamento-de-verano-en-la-comarca-de-cuellar\/\">PINCHA AQUI PARA VER EL ART\u00cdCULO DE PRENSA J\u00d3VENES DE LA ASOCIACI\u00d3N IGUALAR Y ADIPO EN CUELLAR, 2015<\/a><\/p>\n","protected":false},"excerpt":{"rendered":"<p>Art\u00edculo de prensa sobre:\u00a0 La asociaci\u00f3n igualar cierra hoy su campamento de verano en la comarca de Cu\u00e9llar, en julio de 2015. PINCHA AQUI PARA VER EL ART\u00cdCULO DE PRENSA J\u00d3VENES DE LA ASOCIACI\u00d3N IGUALAR Y ADIPO EN CUELLAR, 2015<\/p>\n","protected":false},"author":1,"featured_media":0,"comment_status":"open","ping_status":"open","sticky":false,"template":"","format":"standard","meta":{"jetpack_post_was_ever_published":false,"_jetpack_newsletter_access":"","_jetpack_dont_email_post_to_subs":false,"_jetpack_newsletter_tier_id":0,"_jetpack_memberships_contains_paywalled_content":false,"_jetpack_memberships_contains_paid_content":false,"footnotes":"","jetpack_publicize_message":"","jetpack_publicize_feature_enabled":true,"jetpack_social_post_already_shared":true,"jetpack_social_options":{"image_generator_settings":{"template":"highway","default_image_id":0,"font":"","enabled":false},"version":2}},"categories":[3,5],"tags":[],"class_list":["post-1295","post","type-post","status-publish","format-standard","hentry","category-gabinete-de-prensa","category-recortes-de-prensa"],"yoast_head":"<!-- This site is optimized with the Yoast SEO plugin v27.5 - https:\/\/yoast.com\/product\/yoast-seo-wordpress\/ -->\n<title>ART\u00cdCULO DE PRENSA CUELLAR JULIO 2015 - Asociaci\u00f3n Igualar<\/title>\n<meta name=\"robots\" content=\"index, follow, max-snippet:-1, max-image-preview:large, max-video-preview:-1\" \/>\n<link rel=\"canonical\" href=\"https:\/\/www.asociacionigualar.org\/index.php\/2017\/07\/02\/articulo-prensa-cuellar-julio-2015\/\" \/>\n<meta property=\"og:locale\" content=\"es_ES\" \/>\n<meta property=\"og:type\" content=\"article\" \/>\n<meta property=\"og:title\" content=\"ART\u00cdCULO DE PRENSA CUELLAR JULIO 2015 - Asociaci\u00f3n Igualar\" \/>\n<meta property=\"og:description\" content=\"Art\u00edculo de prensa sobre:\u00a0 La asociaci\u00f3n igualar cierra hoy su campamento de verano en la comarca de Cu\u00e9llar, en julio de 2015. PINCHA AQUI PARA VER EL ART\u00cdCULO DE PRENSA J\u00d3VENES DE LA ASOCIACI\u00d3N IGUALAR Y ADIPO EN CUELLAR, 2015\" \/>\n<meta property=\"og:url\" content=\"https:\/\/www.asociacionigualar.org\/index.php\/2017\/07\/02\/articulo-prensa-cuellar-julio-2015\/\" \/>\n<meta property=\"og:site_name\" content=\"Asociaci\u00f3n Igualar\" \/>\n<meta property=\"article:published_time\" content=\"2017-07-02T15:23:38+00:00\" \/>\n<meta property=\"article:modified_time\" content=\"2018-01-05T12:41:16+00:00\" \/>\n<meta name=\"author\" content=\"Asociaci\u00f3n Igualar\" \/>\n<meta name=\"twitter:card\" content=\"summary_large_image\" \/>\n<meta name=\"twitter:creator\" content=\"@AsocIgualar\" \/>\n<meta name=\"twitter:label1\" content=\"Escrito por\" \/>\n\t<meta name=\"twitter:data1\" content=\"Asociaci\u00f3n Igualar\" \/>\n<script type=\"application\/ld+json\" class=\"yoast-schema-graph\">{\"@context\":\"https:\\\/\\\/schema.org\",\"@graph\":[{\"@type\":\"Article\",\"@id\":\"https:\\\/\\\/www.asociacionigualar.org\\\/index.php\\\/2017\\\/07\\\/02\\\/articulo-prensa-cuellar-julio-2015\\\/#article\",\"isPartOf\":{\"@id\":\"https:\\\/\\\/www.asociacionigualar.org\\\/index.php\\\/2017\\\/07\\\/02\\\/articulo-prensa-cuellar-julio-2015\\\/\"},\"author\":{\"name\":\"Asociaci\u00f3n Igualar\",\"@id\":\"https:\\\/\\\/www.asociacionigualar.org\\\/#\\\/schema\\\/person\\\/578374c2e13b539960176470b9f9c280\"},\"headline\":\"ART\u00cdCULO DE PRENSA CUELLAR JULIO 2015\",\"datePublished\":\"2017-07-02T15:23:38+00:00\",\"dateModified\":\"2018-01-05T12:41:16+00:00\",\"mainEntityOfPage\":{\"@id\":\"https:\\\/\\\/www.asociacionigualar.org\\\/index.php\\\/2017\\\/07\\\/02\\\/articulo-prensa-cuellar-julio-2015\\\/\"},\"wordCount\":50,\"commentCount\":0,\"articleSection\":[\"Gabinete de prensa\",\"Recortes de prensa\"],\"inLanguage\":\"es\",\"potentialAction\":[{\"@type\":\"CommentAction\",\"name\":\"Comment\",\"target\":[\"https:\\\/\\\/www.asociacionigualar.org\\\/index.php\\\/2017\\\/07\\\/02\\\/articulo-prensa-cuellar-julio-2015\\\/#respond\"]}]},{\"@type\":\"WebPage\",\"@id\":\"https:\\\/\\\/www.asociacionigualar.org\\\/index.php\\\/2017\\\/07\\\/02\\\/articulo-prensa-cuellar-julio-2015\\\/\",\"url\":\"https:\\\/\\\/www.asociacionigualar.org\\\/index.php\\\/2017\\\/07\\\/02\\\/articulo-prensa-cuellar-julio-2015\\\/\",\"name\":\"ART\u00cdCULO DE PRENSA CUELLAR JULIO 2015 - Asociaci\u00f3n Igualar\",\"isPartOf\":{\"@id\":\"https:\\\/\\\/www.asociacionigualar.org\\\/#website\"},\"datePublished\":\"2017-07-02T15:23:38+00:00\",\"dateModified\":\"2018-01-05T12:41:16+00:00\",\"author\":{\"@id\":\"https:\\\/\\\/www.asociacionigualar.org\\\/#\\\/schema\\\/person\\\/578374c2e13b539960176470b9f9c280\"},\"breadcrumb\":{\"@id\":\"https:\\\/\\\/www.asociacionigualar.org\\\/index.php\\\/2017\\\/07\\\/02\\\/articulo-prensa-cuellar-julio-2015\\\/#breadcrumb\"},\"inLanguage\":\"es\",\"potentialAction\":[{\"@type\":\"ReadAction\",\"target\":[\"https:\\\/\\\/www.asociacionigualar.org\\\/index.php\\\/2017\\\/07\\\/02\\\/articulo-prensa-cuellar-julio-2015\\\/\"]}]},{\"@type\":\"BreadcrumbList\",\"@id\":\"https:\\\/\\\/www.asociacionigualar.org\\\/index.php\\\/2017\\\/07\\\/02\\\/articulo-prensa-cuellar-julio-2015\\\/#breadcrumb\",\"itemListElement\":[{\"@type\":\"ListItem\",\"position\":1,\"name\":\"Portada\",\"item\":\"https:\\\/\\\/www.asociacionigualar.org\\\/\"},{\"@type\":\"ListItem\",\"position\":2,\"name\":\"ART\u00cdCULO DE PRENSA CUELLAR JULIO 2015\"}]},{\"@type\":\"WebSite\",\"@id\":\"https:\\\/\\\/www.asociacionigualar.org\\\/#website\",\"url\":\"https:\\\/\\\/www.asociacionigualar.org\\\/\",\"name\":\"Asociaci\u00f3n Igualar\",\"description\":\"Ocio para todos\",\"potentialAction\":[{\"@type\":\"SearchAction\",\"target\":{\"@type\":\"EntryPoint\",\"urlTemplate\":\"https:\\\/\\\/www.asociacionigualar.org\\\/?s={search_term_string}\"},\"query-input\":{\"@type\":\"PropertyValueSpecification\",\"valueRequired\":true,\"valueName\":\"search_term_string\"}}],\"inLanguage\":\"es\"},{\"@type\":\"Person\",\"@id\":\"https:\\\/\\\/www.asociacionigualar.org\\\/#\\\/schema\\\/person\\\/578374c2e13b539960176470b9f9c280\",\"name\":\"Asociaci\u00f3n Igualar\",\"image\":{\"@type\":\"ImageObject\",\"inLanguage\":\"es\",\"@id\":\"https:\\\/\\\/secure.gravatar.com\\\/avatar\\\/50cb66f11ae204c60962ec619a1a2e6ce09b9e889793c368687176a6876cd318?s=96&d=mm&r=g\",\"url\":\"https:\\\/\\\/secure.gravatar.com\\\/avatar\\\/50cb66f11ae204c60962ec619a1a2e6ce09b9e889793c368687176a6876cd318?s=96&d=mm&r=g\",\"contentUrl\":\"https:\\\/\\\/secure.gravatar.com\\\/avatar\\\/50cb66f11ae204c60962ec619a1a2e6ce09b9e889793c368687176a6876cd318?s=96&d=mm&r=g\",\"caption\":\"Asociaci\u00f3n Igualar\"},\"sameAs\":[\"http:\\\/\\\/www.asociacionigualar.org\",\"https:\\\/\\\/x.com\\\/AsocIgualar\"],\"url\":\"https:\\\/\\\/www.asociacionigualar.org\\\/index.php\\\/author\\\/adm_igualar\\\/\"}]}<\/script>\n<!-- \/ Yoast SEO plugin. -->","yoast_head_json":{"title":"ART\u00cdCULO DE PRENSA CUELLAR JULIO 2015 - Asociaci\u00f3n Igualar","robots":{"index":"index","follow":"follow","max-snippet":"max-snippet:-1","max-image-preview":"max-image-preview:large","max-video-preview":"max-video-preview:-1"},"canonical":"https:\/\/www.asociacionigualar.org\/index.php\/2017\/07\/02\/articulo-prensa-cuellar-julio-2015\/","og_locale":"es_ES","og_type":"article","og_title":"ART\u00cdCULO DE PRENSA CUELLAR JULIO 2015 - Asociaci\u00f3n Igualar","og_description":"Art\u00edculo de prensa sobre:\u00a0 La asociaci\u00f3n igualar cierra hoy su campamento de verano en la comarca de Cu\u00e9llar, en julio de 2015. PINCHA AQUI PARA VER EL ART\u00cdCULO DE PRENSA J\u00d3VENES DE LA ASOCIACI\u00d3N IGUALAR Y ADIPO EN CUELLAR, 2015","og_url":"https:\/\/www.asociacionigualar.org\/index.php\/2017\/07\/02\/articulo-prensa-cuellar-julio-2015\/","og_site_name":"Asociaci\u00f3n Igualar","article_published_time":"2017-07-02T15:23:38+00:00","article_modified_time":"2018-01-05T12:41:16+00:00","author":"Asociaci\u00f3n Igualar","twitter_card":"summary_large_image","twitter_creator":"@AsocIgualar","twitter_misc":{"Escrito por":"Asociaci\u00f3n Igualar"},"schema":{"@context":"https:\/\/schema.org","@graph":[{"@type":"Article","@id":"https:\/\/www.asociacionigualar.org\/index.php\/2017\/07\/02\/articulo-prensa-cuellar-julio-2015\/#article","isPartOf":{"@id":"https:\/\/www.asociacionigualar.org\/index.php\/2017\/07\/02\/articulo-prensa-cuellar-julio-2015\/"},"author":{"name":"Asociaci\u00f3n Igualar","@id":"https:\/\/www.asociacionigualar.org\/#\/schema\/person\/578374c2e13b539960176470b9f9c280"},"headline":"ART\u00cdCULO DE PRENSA CUELLAR JULIO 2015","datePublished":"2017-07-02T15:23:38+00:00","dateModified":"2018-01-05T12:41:16+00:00","mainEntityOfPage":{"@id":"https:\/\/www.asociacionigualar.org\/index.php\/2017\/07\/02\/articulo-prensa-cuellar-julio-2015\/"},"wordCount":50,"commentCount":0,"articleSection":["Gabinete de prensa","Recortes de prensa"],"inLanguage":"es","potentialAction":[{"@type":"CommentAction","name":"Comment","target":["https:\/\/www.asociacionigualar.org\/index.php\/2017\/07\/02\/articulo-prensa-cuellar-julio-2015\/#respond"]}]},{"@type":"WebPage","@id":"https:\/\/www.asociacionigualar.org\/index.php\/2017\/07\/02\/articulo-prensa-cuellar-julio-2015\/","url":"https:\/\/www.asociacionigualar.org\/index.php\/2017\/07\/02\/articulo-prensa-cuellar-julio-2015\/","name":"ART\u00cdCULO DE PRENSA CUELLAR JULIO 2015 - Asociaci\u00f3n Igualar","isPartOf":{"@id":"https:\/\/www.asociacionigualar.org\/#website"},"datePublished":"2017-07-02T15:23:38+00:00","dateModified":"2018-01-05T12:41:16+00:00","author":{"@id":"https:\/\/www.asociacionigualar.org\/#\/schema\/person\/578374c2e13b539960176470b9f9c280"},"breadcrumb":{"@id":"https:\/\/www.asociacionigualar.org\/index.php\/2017\/07\/02\/articulo-prensa-cuellar-julio-2015\/#breadcrumb"},"inLanguage":"es","potentialAction":[{"@type":"ReadAction","target":["https:\/\/www.asociacionigualar.org\/index.php\/2017\/07\/02\/articulo-prensa-cuellar-julio-2015\/"]}]},{"@type":"BreadcrumbList","@id":"https:\/\/www.asociacionigualar.org\/index.php\/2017\/07\/02\/articulo-prensa-cuellar-julio-2015\/#breadcrumb","itemListElement":[{"@type":"ListItem","position":1,"name":"Portada","item":"https:\/\/www.asociacionigualar.org\/"},{"@type":"ListItem","position":2,"name":"ART\u00cdCULO DE PRENSA CUELLAR JULIO 2015"}]},{"@type":"WebSite","@id":"https:\/\/www.asociacionigualar.org\/#website","url":"https:\/\/www.asociacionigualar.org\/","name":"Asociaci\u00f3n Igualar","description":"Ocio para todos","potentialAction":[{"@type":"SearchAction","target":{"@type":"EntryPoint","urlTemplate":"https:\/\/www.asociacionigualar.org\/?s={search_term_string}"},"query-input":{"@type":"PropertyValueSpecification","valueRequired":true,"valueName":"search_term_string"}}],"inLanguage":"es"},{"@type":"Person","@id":"https:\/\/www.asociacionigualar.org\/#\/schema\/person\/578374c2e13b539960176470b9f9c280","name":"Asociaci\u00f3n Igualar","image":{"@type":"ImageObject","inLanguage":"es","@id":"https:\/\/secure.gravatar.com\/avatar\/50cb66f11ae204c60962ec619a1a2e6ce09b9e889793c368687176a6876cd318?s=96&d=mm&r=g","url":"https:\/\/secure.gravatar.com\/avatar\/50cb66f11ae204c60962ec619a1a2e6ce09b9e889793c368687176a6876cd318?s=96&d=mm&r=g","contentUrl":"https:\/\/secure.gravatar.com\/avatar\/50cb66f11ae204c60962ec619a1a2e6ce09b9e889793c368687176a6876cd318?s=96&d=mm&r=g","caption":"Asociaci\u00f3n Igualar"},"sameAs":["http:\/\/www.asociacionigualar.org","https:\/\/x.com\/AsocIgualar"],"url":"https:\/\/www.asociacionigualar.org\/index.php\/author\/adm_igualar\/"}]}},"jetpack_publicize_connections":[],"jetpack_featured_media_url":"","jetpack_sharing_enabled":true,"jetpack_shortlink":"https:\/\/wp.me\/p8oT1p-kT","jetpack_likes_enabled":false,"_links":{"self":[{"href":"https:\/\/www.asociacionigualar.org\/index.php\/wp-json\/wp\/v2\/posts\/1295","targetHints":{"allow":["GET"]}}],"collection":[{"href":"https:\/\/www.asociacionigualar.org\/index.php\/wp-json\/wp\/v2\/posts"}],"about":[{"href":"https:\/\/www.asociacionigualar.org\/index.php\/wp-json\/wp\/v2\/types\/post"}],"author":[{"embeddable":true,"href":"https:\/\/www.asociacionigualar.org\/index.php\/wp-json\/wp\/v2\/users\/1"}],"replies":[{"embeddable":true,"href":"https:\/\/www.asociacionigualar.org\/index.php\/wp-json\/wp\/v2\/comments?post=1295"}],"version-history":[{"count":3,"href":"https:\/\/www.asociacionigualar.org\/index.php\/wp-json\/wp\/v2\/posts\/1295\/revisions"}],"predecessor-version":[{"id":1467,"href":"https:\/\/www.asociacionigualar.org\/index.php\/wp-json\/wp\/v2\/posts\/1295\/revisions\/1467"}],"wp:attachment":[{"href":"https:\/\/www.asociacionigualar.org\/index.php\/wp-json\/wp\/v2\/media?parent=1295"}],"wp:term":[{"taxonomy":"category","embeddable":true,"href":"https:\/\/www.asociacionigualar.org\/index.php\/wp-json\/wp\/v2\/categories?post=1295"},{"taxonomy":"post_tag","embeddable":true,"href":"https:\/\/www.asociacionigualar.org\/index.php\/wp-json\/wp\/v2\/tags?post=1295"}],"curies":[{"name":"wp","href":"https:\/\/api.w.org\/{rel}","templated":true}]}}