{"id":2142,"date":"2020-04-12T23:56:27","date_gmt":"2020-04-12T21:56:27","guid":{"rendered":"http:\/\/www.asociacionigualar.org\/?p=2142"},"modified":"2020-04-12T23:56:27","modified_gmt":"2020-04-12T21:56:27","slug":"3-nota-informativa","status":"publish","type":"post","link":"https:\/\/www.asociacionigualar.org\/index.php\/2020\/04\/12\/3-nota-informativa\/","title":{"rendered":"3 NOTA INFORMATIVA"},"content":{"rendered":"<p>Hola a tod@s: Como ya a comienza a ser costumbre, durante la tarde de ayer, s\u00e1bado 11 de abril, nos hemos reunido telem\u00e1ticamente, los coordinadores de los diferentes departamentos de Igualar y los miembros de su junta directiva, para decidir los cambios a continuar llevando a cabo en nuestro calendario. Asimismo, tambi\u00e9n esbozamos las actividades a poner en marcha en el marco del proyecto \u201cIgualar en casa\u201d. Por ello, en la presente nota, vamos a tratar de desgranar, de forma ordenada, los acuerdos adoptados en ambas cuestiones.<\/p>\n<p>1 Modificaciones en el calendario de actividades<\/p>\n<p>1.1 Actividades previstas durante este mes de abril.<\/p>\n<p>La premisa adoptada es la cancelaci\u00f3n de todas las actividades previstas entre los d\u00edas 12 de abril y 5 de mayo, aunque algunas van a aplazarse con el objetivo de llevarse a cabo m\u00e1s adelante.<\/p>\n<p>1.1.1.Cancelaci\u00f3n definitiva del senderismo del frente de Brunete y Quijorna<\/p>\n<p>Aunque esta actividad fue inicialmente trasladada desde marzo al pr\u00f3ximo fin de semana, en esta ocasi\u00f3n debe cancelarse, ya que, por las caracter\u00edsticas de la ruta, no es factible llevarla a cabo, en d\u00edas calurosos. Por ello, aquellas personas que contin\u00faan inscritas en esta actividad deben enviar sus n\u00fameros de cuenta a la direcci\u00f3n: senderismo.igualar@gmail.com.<\/p>\n<p>1.1.2.. Nuevo aplazamiento de la visita a GREFA del departamento de infancia<\/p>\n<p>La visita a este centro de recuperaci\u00f3n de la fauna aut\u00f3ctona, prevista inicialmente para el domingo 29 de marzo, se traslad\u00f3 al s\u00e1bado 25 de abril. Teniendo en cuenta las actuales circunstancias, esta actividad se aplaza de nuevo, en esta ocasi\u00f3n al s\u00e1bado 30 de mayo, con la esperanza de poder realizarla finalmente en esa fecha. As\u00ed, tanto para mantener la inscripci\u00f3n, pese al nuevo cambio de d\u00eda, como para remitir el n\u00famero de cuenta en el que ingresar el importe a devolver, en el caso de preferir no asistir en la nueva fecha, la direcci\u00f3n de la actividad es: infancia.igualar@gmail.com.<\/p>\n<p>1.1.3. Cancelaci\u00f3n del viaje a Teruel<\/p>\n<p>Pese a que el actual estado de confinamiento est\u00e1 previsto hasta el 26 de abril, las autoridades est\u00e1n advirtiendo que, aunque no se produjera una nueva pr\u00f3rroga, el final de este ser\u00e1 escalonado. Por ello, es necesario cancelar este viaje, teniendo en cuenta, adem\u00e1s, que los proveedores con lo que necesitar\u00edamos ajustar los \u00faltimos detalles de las actividades, permanecer\u00e1n cerrados, a su vez, hasta el 26 de abril, como m\u00ednimo, lo que imposibilita organizar un programa como es debido.<\/p>\n<p>Para solicitar la devoluci\u00f3n del importe del viaje, es necesario enviar un correo electr\u00f3nico, remitiendo el numero de cuenta en el que realizar dicha devoluci\u00f3n, a la direcci\u00f3n: viajes.igualar@gmail.com.<\/p>\n<p>En todos los casos en los que se solicite devoluci\u00f3n, la misma asciende al 100% del importe abonado. En todo caso, os continuamos solicitando un poco de paciencia, ya que, en menos de un mes, Igualar est\u00e1 gestionando una centena de devoluciones, lo que provoca un inevitable \u201catasco\u201d en tesorer\u00eda.<\/p>\n<p>1.2. Convocatorias previstas durante el mes de abril<\/p>\n<p>1.2.1. Convocatorias canceladas<\/p>\n<p>Las convocatorias para el paseo en globo del departamento de j\u00f3venes que se deb\u00eda realizar el 9 de mayo, as\u00ed como el fin de semana en una casa rural del departamento de infancia que deb\u00eda llevarse a cabo el fin de semana del 30 y 31 de mayo, no se van a llevar a cabo, ya que ambas actividades no pueden realizarse.<\/p>\n<p>1.2.2. Convocatoria del pr\u00f3ximo paseo<\/p>\n<p>Esta convocatoria, cuyo env\u00edo para socios est\u00e1 previsto para el pr\u00f3ximo d\u00eda 24 de abril, se mantiene y se remitir\u00e1 en las condiciones y plazos indicados en el calendario de actividades inicial, ya que, hoy en d\u00eda, parecer\u00eda posible su realizaci\u00f3n.<\/p>\n<p>Sin embargo, este paseo se propondr\u00e1 por la Quinta de los Molinos, en lugar de por el Jard\u00edn Bot\u00e1nico, ya que, por un lado, algunos socios hab\u00edan solicitado mantener este paseo, y, por otro, no es posible contactar con el Jard\u00edn Bot\u00e1nico para organizar esta actividad.<\/p>\n<p>Adem\u00e1s, agradeceremos a las personas interesadas en acudir a esta actividad, que soliciten sus plazas y env\u00eden sus fichas de inscripci\u00f3n, pero que se abstengan de realizar el pago, hasta que la viabilidad del paseo sea un hecho.<\/p>\n<p>1.3. Actividades y convocatorias del mes de mayo<\/p>\n<p>Con los datos de los que disponemos en la actualidad, no podemos adoptar decisiones con un horizonte temporal mayor que el planteado hasta aqu\u00ed. Por ello, nos hemos emplazado a una nueva reuni\u00f3n, durante la semana del 4 de mayo, en la que determinaremos qu\u00e9 medidas acometer para las siguientes semanas. Por ende, alrededor del 10 de mayo, recibir\u00e9is una nueva nota, explicando dichas medidas.<\/p>\n<p>2. Programaci\u00f3n \u201cIgualar en casa\u201d<\/p>\n<p>Como sab\u00e9is, un grupo de 15 personas, compuesto por aquellos voluntarios de Igualar, que han querido participar en esta iniciativa, han llamado a todos los socios para pulsar su opini\u00f3n sobre esta iniciativa. Aunque a\u00fan faltan una docena de personas por contactar, en la reuni\u00f3n de ayer se analizaron los datos recogidos en esas llamadas, lo que nos permite informar en esta nota, de algunas iniciativas que van a ponerse en marcha en el marco de este proyecto:<\/p>\n<p>Se van a organizar dos grupos de tertulias, que se reunir\u00e1n una vez por semana, un concurso sobre temas de cultura general (con suculentos premios), y otro concurso de chistes, ahora que es tan necesario re\u00edrnos. Tampoco vamos a dejar de lado la actividad f\u00edsica implementando actividades que poder llevar a cabo desde casa.<\/p>\n<p>Para realizar todas estas iniciativas, se utilizar\u00e1n m\u00faltiples medios y plataformas, como You Toube, Skype o WhatsApp, sin olvidar que desde cualquier tel\u00e9fono pueden llevarse a cabo muchas actividades.<\/p>\n<p>Asimismo, en estos d\u00edas, los conocimientos sobre ofim\u00e1tica y tiflotecnolog\u00eda se han convertido en especialmente importantes. Por ello, tres profesionales, van a contactar con aquellas personas que han manifestado tener dificultades en esta \u00e1rea para que puedan alcanzar un manejo b\u00e1sico de las herramientas de comunicaci\u00f3n m\u00e1s utilizadas actualmente.<\/p>\n<p>Los detalles y convocatorias de cada una de estas actividades se enviar\u00e1n a las personas que han manifestado su inter\u00e9s en participar en las mimas, si bien, cualquier socio, puede solicitar unirse a alguna de ellas, en cualquier momento.<\/p>\n<p>Finalmente, tal y como solicitamos en nuestra anterior nota, un variado grupo de personas, muestran su inter\u00e9s, en ayudar a aquellos socios que lo necesiten, en sus respectivas \u00e1reas de conocimiento, siendo \u00e9stas: inform\u00e1tica, tiflotecnolog\u00eda, odontolog\u00eda, psiquiatr\u00eda, psicolog\u00eda, derecho, servicios bancarios y enfermer\u00eda. Adem\u00e1s, otras personas ofrecen su tiempo libre para compartirlo, charlando con aquellos a los que les apetezca hablar. En ambos casos, los socios que quieran participar en estas iniciativas pueden contactar con nosotros, a trav\u00e9s de esta direcci\u00f3n de correo electr\u00f3nico: asociaci\u00f3n.igualar@gmail.com o en los tel\u00e9fonos: 629630667 y 645094007.<\/p>\n<p>Por \u00faltimo, como siempre, estamos a vuestra disposici\u00f3n para cualquier aclaraci\u00f3n o sugerencia que nos quer\u00edas plantear. Un fuerte abrazo y cuidaros mucho.<\/p>\n<p>La Junta Directiva.<\/p>\n","protected":false},"excerpt":{"rendered":"<p>Hola a tod@s: Como ya a comienza a ser costumbre, durante la tarde de ayer, s\u00e1bado 11 de abril, nos hemos reunido telem\u00e1ticamente, los coordinadores de los diferentes departamentos de Igualar y los miembros de su junta directiva, para decidir los cambios a continuar llevando a cabo en nuestro calendario. Asimismo, tambi\u00e9n esbozamos las actividades &hellip; <a href=\"https:\/\/www.asociacionigualar.org\/index.php\/2020\/04\/12\/3-nota-informativa\/\" class=\"more-link\">Continuar leyendo<span class=\"screen-reader-text\"> \u00ab3 NOTA INFORMATIVA\u00bb<\/span><\/a><\/p>\n","protected":false},"author":1,"featured_media":0,"comment_status":"open","ping_status":"open","sticky":false,"template":"","format":"standard","meta":{"jetpack_post_was_ever_published":false,"_jetpack_newsletter_access":"","_jetpack_dont_email_post_to_subs":false,"_jetpack_newsletter_tier_id":0,"_jetpack_memberships_contains_paywalled_content":false,"_jetpack_memberships_contains_paid_content":false,"footnotes":"","jetpack_publicize_message":"","jetpack_publicize_feature_enabled":true,"jetpack_social_post_already_shared":true,"jetpack_social_options":{"image_generator_settings":{"template":"highway","default_image_id":0,"font":"","enabled":false},"version":2}},"categories":[1],"tags":[],"class_list":["post-2142","post","type-post","status-publish","format-standard","hentry","category-sin-categoria"],"yoast_head":"<!-- This site is optimized with the Yoast SEO plugin v27.4 - https:\/\/yoast.com\/product\/yoast-seo-wordpress\/ -->\n<title>3 NOTA INFORMATIVA - Asociaci\u00f3n Igualar<\/title>\n<meta name=\"robots\" content=\"index, follow, max-snippet:-1, max-image-preview:large, max-video-preview:-1\" \/>\n<link rel=\"canonical\" href=\"https:\/\/www.asociacionigualar.org\/index.php\/2020\/04\/12\/3-nota-informativa\/\" \/>\n<meta property=\"og:locale\" content=\"es_ES\" \/>\n<meta property=\"og:type\" content=\"article\" \/>\n<meta property=\"og:title\" content=\"3 NOTA INFORMATIVA - Asociaci\u00f3n Igualar\" \/>\n<meta property=\"og:description\" content=\"Hola a tod@s: Como ya a comienza a ser costumbre, durante la tarde de ayer, s\u00e1bado 11 de abril, nos hemos reunido telem\u00e1ticamente, los coordinadores de los diferentes departamentos de Igualar y los miembros de su junta directiva, para decidir los cambios a continuar llevando a cabo en nuestro calendario. Asimismo, tambi\u00e9n esbozamos las actividades &hellip; Continuar leyendo &quot;3 NOTA INFORMATIVA&quot;\" \/>\n<meta property=\"og:url\" content=\"https:\/\/www.asociacionigualar.org\/index.php\/2020\/04\/12\/3-nota-informativa\/\" \/>\n<meta property=\"og:site_name\" content=\"Asociaci\u00f3n Igualar\" \/>\n<meta property=\"article:published_time\" content=\"2020-04-12T21:56:27+00:00\" \/>\n<meta name=\"author\" content=\"Asociaci\u00f3n Igualar\" \/>\n<meta name=\"twitter:card\" content=\"summary_large_image\" \/>\n<meta name=\"twitter:creator\" content=\"@AsocIgualar\" \/>\n<meta name=\"twitter:label1\" content=\"Escrito por\" \/>\n\t<meta name=\"twitter:data1\" content=\"Asociaci\u00f3n Igualar\" \/>\n\t<meta name=\"twitter:label2\" content=\"Tiempo de lectura\" \/>\n\t<meta name=\"twitter:data2\" content=\"6 minutos\" \/>\n<script type=\"application\/ld+json\" class=\"yoast-schema-graph\">{\"@context\":\"https:\\\/\\\/schema.org\",\"@graph\":[{\"@type\":\"Article\",\"@id\":\"https:\\\/\\\/www.asociacionigualar.org\\\/index.php\\\/2020\\\/04\\\/12\\\/3-nota-informativa\\\/#article\",\"isPartOf\":{\"@id\":\"https:\\\/\\\/www.asociacionigualar.org\\\/index.php\\\/2020\\\/04\\\/12\\\/3-nota-informativa\\\/\"},\"author\":{\"name\":\"Asociaci\u00f3n Igualar\",\"@id\":\"https:\\\/\\\/www.asociacionigualar.org\\\/#\\\/schema\\\/person\\\/578374c2e13b539960176470b9f9c280\"},\"headline\":\"3 NOTA INFORMATIVA\",\"datePublished\":\"2020-04-12T21:56:27+00:00\",\"mainEntityOfPage\":{\"@id\":\"https:\\\/\\\/www.asociacionigualar.org\\\/index.php\\\/2020\\\/04\\\/12\\\/3-nota-informativa\\\/\"},\"wordCount\":1206,\"commentCount\":0,\"inLanguage\":\"es\",\"potentialAction\":[{\"@type\":\"CommentAction\",\"name\":\"Comment\",\"target\":[\"https:\\\/\\\/www.asociacionigualar.org\\\/index.php\\\/2020\\\/04\\\/12\\\/3-nota-informativa\\\/#respond\"]}]},{\"@type\":\"WebPage\",\"@id\":\"https:\\\/\\\/www.asociacionigualar.org\\\/index.php\\\/2020\\\/04\\\/12\\\/3-nota-informativa\\\/\",\"url\":\"https:\\\/\\\/www.asociacionigualar.org\\\/index.php\\\/2020\\\/04\\\/12\\\/3-nota-informativa\\\/\",\"name\":\"3 NOTA INFORMATIVA - Asociaci\u00f3n Igualar\",\"isPartOf\":{\"@id\":\"https:\\\/\\\/www.asociacionigualar.org\\\/#website\"},\"datePublished\":\"2020-04-12T21:56:27+00:00\",\"author\":{\"@id\":\"https:\\\/\\\/www.asociacionigualar.org\\\/#\\\/schema\\\/person\\\/578374c2e13b539960176470b9f9c280\"},\"breadcrumb\":{\"@id\":\"https:\\\/\\\/www.asociacionigualar.org\\\/index.php\\\/2020\\\/04\\\/12\\\/3-nota-informativa\\\/#breadcrumb\"},\"inLanguage\":\"es\",\"potentialAction\":[{\"@type\":\"ReadAction\",\"target\":[\"https:\\\/\\\/www.asociacionigualar.org\\\/index.php\\\/2020\\\/04\\\/12\\\/3-nota-informativa\\\/\"]}]},{\"@type\":\"BreadcrumbList\",\"@id\":\"https:\\\/\\\/www.asociacionigualar.org\\\/index.php\\\/2020\\\/04\\\/12\\\/3-nota-informativa\\\/#breadcrumb\",\"itemListElement\":[{\"@type\":\"ListItem\",\"position\":1,\"name\":\"Portada\",\"item\":\"https:\\\/\\\/www.asociacionigualar.org\\\/\"},{\"@type\":\"ListItem\",\"position\":2,\"name\":\"3 NOTA INFORMATIVA\"}]},{\"@type\":\"WebSite\",\"@id\":\"https:\\\/\\\/www.asociacionigualar.org\\\/#website\",\"url\":\"https:\\\/\\\/www.asociacionigualar.org\\\/\",\"name\":\"Asociaci\u00f3n Igualar\",\"description\":\"Ocio para todos\",\"potentialAction\":[{\"@type\":\"SearchAction\",\"target\":{\"@type\":\"EntryPoint\",\"urlTemplate\":\"https:\\\/\\\/www.asociacionigualar.org\\\/?s={search_term_string}\"},\"query-input\":{\"@type\":\"PropertyValueSpecification\",\"valueRequired\":true,\"valueName\":\"search_term_string\"}}],\"inLanguage\":\"es\"},{\"@type\":\"Person\",\"@id\":\"https:\\\/\\\/www.asociacionigualar.org\\\/#\\\/schema\\\/person\\\/578374c2e13b539960176470b9f9c280\",\"name\":\"Asociaci\u00f3n Igualar\",\"image\":{\"@type\":\"ImageObject\",\"inLanguage\":\"es\",\"@id\":\"https:\\\/\\\/secure.gravatar.com\\\/avatar\\\/50cb66f11ae204c60962ec619a1a2e6ce09b9e889793c368687176a6876cd318?s=96&d=mm&r=g\",\"url\":\"https:\\\/\\\/secure.gravatar.com\\\/avatar\\\/50cb66f11ae204c60962ec619a1a2e6ce09b9e889793c368687176a6876cd318?s=96&d=mm&r=g\",\"contentUrl\":\"https:\\\/\\\/secure.gravatar.com\\\/avatar\\\/50cb66f11ae204c60962ec619a1a2e6ce09b9e889793c368687176a6876cd318?s=96&d=mm&r=g\",\"caption\":\"Asociaci\u00f3n Igualar\"},\"sameAs\":[\"http:\\\/\\\/www.asociacionigualar.org\",\"https:\\\/\\\/x.com\\\/AsocIgualar\"],\"url\":\"https:\\\/\\\/www.asociacionigualar.org\\\/index.php\\\/author\\\/adm_igualar\\\/\"}]}<\/script>\n<!-- \/ Yoast SEO plugin. -->","yoast_head_json":{"title":"3 NOTA INFORMATIVA - Asociaci\u00f3n Igualar","robots":{"index":"index","follow":"follow","max-snippet":"max-snippet:-1","max-image-preview":"max-image-preview:large","max-video-preview":"max-video-preview:-1"},"canonical":"https:\/\/www.asociacionigualar.org\/index.php\/2020\/04\/12\/3-nota-informativa\/","og_locale":"es_ES","og_type":"article","og_title":"3 NOTA INFORMATIVA - Asociaci\u00f3n Igualar","og_description":"Hola a tod@s: Como ya a comienza a ser costumbre, durante la tarde de ayer, s\u00e1bado 11 de abril, nos hemos reunido telem\u00e1ticamente, los coordinadores de los diferentes departamentos de Igualar y los miembros de su junta directiva, para decidir los cambios a continuar llevando a cabo en nuestro calendario. Asimismo, tambi\u00e9n esbozamos las actividades &hellip; Continuar leyendo \"3 NOTA INFORMATIVA\"","og_url":"https:\/\/www.asociacionigualar.org\/index.php\/2020\/04\/12\/3-nota-informativa\/","og_site_name":"Asociaci\u00f3n Igualar","article_published_time":"2020-04-12T21:56:27+00:00","author":"Asociaci\u00f3n Igualar","twitter_card":"summary_large_image","twitter_creator":"@AsocIgualar","twitter_misc":{"Escrito por":"Asociaci\u00f3n Igualar","Tiempo de lectura":"6 minutos"},"schema":{"@context":"https:\/\/schema.org","@graph":[{"@type":"Article","@id":"https:\/\/www.asociacionigualar.org\/index.php\/2020\/04\/12\/3-nota-informativa\/#article","isPartOf":{"@id":"https:\/\/www.asociacionigualar.org\/index.php\/2020\/04\/12\/3-nota-informativa\/"},"author":{"name":"Asociaci\u00f3n Igualar","@id":"https:\/\/www.asociacionigualar.org\/#\/schema\/person\/578374c2e13b539960176470b9f9c280"},"headline":"3 NOTA INFORMATIVA","datePublished":"2020-04-12T21:56:27+00:00","mainEntityOfPage":{"@id":"https:\/\/www.asociacionigualar.org\/index.php\/2020\/04\/12\/3-nota-informativa\/"},"wordCount":1206,"commentCount":0,"inLanguage":"es","potentialAction":[{"@type":"CommentAction","name":"Comment","target":["https:\/\/www.asociacionigualar.org\/index.php\/2020\/04\/12\/3-nota-informativa\/#respond"]}]},{"@type":"WebPage","@id":"https:\/\/www.asociacionigualar.org\/index.php\/2020\/04\/12\/3-nota-informativa\/","url":"https:\/\/www.asociacionigualar.org\/index.php\/2020\/04\/12\/3-nota-informativa\/","name":"3 NOTA INFORMATIVA - Asociaci\u00f3n Igualar","isPartOf":{"@id":"https:\/\/www.asociacionigualar.org\/#website"},"datePublished":"2020-04-12T21:56:27+00:00","author":{"@id":"https:\/\/www.asociacionigualar.org\/#\/schema\/person\/578374c2e13b539960176470b9f9c280"},"breadcrumb":{"@id":"https:\/\/www.asociacionigualar.org\/index.php\/2020\/04\/12\/3-nota-informativa\/#breadcrumb"},"inLanguage":"es","potentialAction":[{"@type":"ReadAction","target":["https:\/\/www.asociacionigualar.org\/index.php\/2020\/04\/12\/3-nota-informativa\/"]}]},{"@type":"BreadcrumbList","@id":"https:\/\/www.asociacionigualar.org\/index.php\/2020\/04\/12\/3-nota-informativa\/#breadcrumb","itemListElement":[{"@type":"ListItem","position":1,"name":"Portada","item":"https:\/\/www.asociacionigualar.org\/"},{"@type":"ListItem","position":2,"name":"3 NOTA INFORMATIVA"}]},{"@type":"WebSite","@id":"https:\/\/www.asociacionigualar.org\/#website","url":"https:\/\/www.asociacionigualar.org\/","name":"Asociaci\u00f3n Igualar","description":"Ocio para todos","potentialAction":[{"@type":"SearchAction","target":{"@type":"EntryPoint","urlTemplate":"https:\/\/www.asociacionigualar.org\/?s={search_term_string}"},"query-input":{"@type":"PropertyValueSpecification","valueRequired":true,"valueName":"search_term_string"}}],"inLanguage":"es"},{"@type":"Person","@id":"https:\/\/www.asociacionigualar.org\/#\/schema\/person\/578374c2e13b539960176470b9f9c280","name":"Asociaci\u00f3n Igualar","image":{"@type":"ImageObject","inLanguage":"es","@id":"https:\/\/secure.gravatar.com\/avatar\/50cb66f11ae204c60962ec619a1a2e6ce09b9e889793c368687176a6876cd318?s=96&d=mm&r=g","url":"https:\/\/secure.gravatar.com\/avatar\/50cb66f11ae204c60962ec619a1a2e6ce09b9e889793c368687176a6876cd318?s=96&d=mm&r=g","contentUrl":"https:\/\/secure.gravatar.com\/avatar\/50cb66f11ae204c60962ec619a1a2e6ce09b9e889793c368687176a6876cd318?s=96&d=mm&r=g","caption":"Asociaci\u00f3n Igualar"},"sameAs":["http:\/\/www.asociacionigualar.org","https:\/\/x.com\/AsocIgualar"],"url":"https:\/\/www.asociacionigualar.org\/index.php\/author\/adm_igualar\/"}]}},"jetpack_publicize_connections":[],"jetpack_featured_media_url":"","jetpack_sharing_enabled":true,"jetpack_shortlink":"https:\/\/wp.me\/p8oT1p-yy","jetpack_likes_enabled":false,"_links":{"self":[{"href":"https:\/\/www.asociacionigualar.org\/index.php\/wp-json\/wp\/v2\/posts\/2142","targetHints":{"allow":["GET"]}}],"collection":[{"href":"https:\/\/www.asociacionigualar.org\/index.php\/wp-json\/wp\/v2\/posts"}],"about":[{"href":"https:\/\/www.asociacionigualar.org\/index.php\/wp-json\/wp\/v2\/types\/post"}],"author":[{"embeddable":true,"href":"https:\/\/www.asociacionigualar.org\/index.php\/wp-json\/wp\/v2\/users\/1"}],"replies":[{"embeddable":true,"href":"https:\/\/www.asociacionigualar.org\/index.php\/wp-json\/wp\/v2\/comments?post=2142"}],"version-history":[{"count":1,"href":"https:\/\/www.asociacionigualar.org\/index.php\/wp-json\/wp\/v2\/posts\/2142\/revisions"}],"predecessor-version":[{"id":2143,"href":"https:\/\/www.asociacionigualar.org\/index.php\/wp-json\/wp\/v2\/posts\/2142\/revisions\/2143"}],"wp:attachment":[{"href":"https:\/\/www.asociacionigualar.org\/index.php\/wp-json\/wp\/v2\/media?parent=2142"}],"wp:term":[{"taxonomy":"category","embeddable":true,"href":"https:\/\/www.asociacionigualar.org\/index.php\/wp-json\/wp\/v2\/categories?post=2142"},{"taxonomy":"post_tag","embeddable":true,"href":"https:\/\/www.asociacionigualar.org\/index.php\/wp-json\/wp\/v2\/tags?post=2142"}],"curies":[{"name":"wp","href":"https:\/\/api.w.org\/{rel}","templated":true}]}}